{"id":14715,"date":"2025-05-16T20:04:00","date_gmt":"2025-05-16T20:04:00","guid":{"rendered":"https:\/\/wrong.lt\/?p=14715"},"modified":"2025-12-24T20:20:39","modified_gmt":"2025-12-24T20:20:39","slug":"jdm-estonia-season-opening-25","status":"publish","type":"post","link":"https:\/\/wrong.lt\/index.php\/2025\/05\/16\/jdm-estonia-season-opening-25\/","title":{"rendered":"JDM Estonia Season Opening &#8217;25"},"content":{"rendered":"\n<p>Po gan\u0117tinai nekokybi\u0161kos i\u0161vykos \u012f Slovakij\u0105, gegu\u017e\u0119 man\u0119s (tiksliau m\u016bs\u0173) lauk\u0117 dar viena i\u0161vyka, \u0161i kart\u0105 \u012f Talin\u0105.  <em>Ko t\u0119?<\/em> O gi japoni\u0161k\u0173 ma\u0161iny\u010di\u0173 pa\u017ei\u016br\u0117ti ir sav\u0173j\u0173 estams parodyti. <br>Pastaruosius kelet\u0105 met\u0173 pavasar\u012f vykome \u012f Ryg\u0105, \u012f tokio paties formato rengin\u012f &#8211; japoni\u0161k\u0173 automobili\u0173 sezono atidarym\u0105. Kadangi Ryga tapo kaip ta pusiau tau patinkanti mergina, kur po tre\u010dio pasimatymo kaip ir viskas OK, bet kaip ir nor\u0117t\u0173si ka\u017eko naujo, ka\u017eko kito, tai gav\u0119s gerb. Gedimino (pavard\u0117 policijai \u017einoma, &#8211; red. past.) \u017einut\u0119 apie Taline vyksiant\u012f JDM Estonia Season Opening 2025 rengin\u012f, svars\u010diau ne ilgiau, negu taromatas skanuoja skardin\u0117s barkod\u0105 &#8211; pypt, va\u017eiuojam. Dar vienas kitas skambutis keliems galimai nepilno proto individams, kuriems irgi nesvetimas alaus g\u0117rimo ir nuotyki\u0173 ie\u0161kojimo svetimame mieste, prisidengiant i\u0161vykos vardan meil\u0117s automobilizmui,  scenarijus ir greitai turime 5 <em>rikius<\/em> ir du senus Honda kibirus, kurie va\u017eiuoja \u012f Talin\u0105!<br><br>K\u0105 rei\u0161kia <em>va\u017eiuoja <\/em>mano atveju? Rei\u0161kia, kad man reikia pasiruo\u0161ti savo 30+ met\u0173 Civic&#8217;\u0105 ma\u017edaug ~1300km kelionei. Kelionei, kokios anas n\u0117ra niekada \u012fveik\u0119s. Jeigu i\u0161 i\u0161or\u0117s mano mylimas automobilis gali sudaryti apgauling\u0105 \u012fsp\u016bd\u012f, kad yra techni\u0161kai tvarkingas, tai patikinu jus &#8211; taip toli gra\u017eu n\u0117ra. Dr\u012fsiu teigti, kad retas 30+ met\u0173 automobilis, kuris sezono metu yra eksploatuojamas, yra 100% techni\u0161kai tvarkingas, na nebent yra u\u017edarytas muziejuje ar kolekcionieriaus gara\u017ee. Tiek 2023, tiek 2024-ieji nebuvo skirti investicijoms \u012f mano jau 14(?) met\u0173 turim\u0105 automobil\u012f, ir jis, grei\u010diausiai pykdamas, savyje u\u017edevelopino puok\u0161t\u0119 gars\u0173, gl\u0117b\u012f bildesi\u0173 ir dar netur\u0117t\u0173 bei nereg\u0117t\u0173 problemy\u010di\u0173. Labai linksmai dal\u012f \u0161i\u0173 problem\u0173 i\u0161naikinome su policijai \u017einomu  p. <a href=\"https:\/\/abikairiosrankos.wordpress.com\/\"><span style=\"text-decoration: underline;\">Gediminu, <\/span><\/a>jo gara\u017ee. Taisant t\u0105, beigi an\u0105 buvo \u012fvairi\u0173 smagi\u0173 moment\u0173 pvz. a\u0161, b\u016bdamas visi\u0161kas degeneratas,  pasitelk\u0119s nem\u0105stym\u0105 ir skub\u0117jim\u0105, sugeb\u0117jau susprogdinti Civic&#8217;o paskirstytojo dangtel\u012f. Kaip galvojate, ar lengva auto dali\u0173 parduotuv\u0117je staiga nupirkti Honda Civic OBD2 paskirstytojo dangtel\u012f? Teisingai &#8211; nelengva ir kelion\u0117 kuriam laikui buvo pakibus ant plauko.<br>Ne visas Civic&#8217;o problemas i\u0161sprend\u0117me, toli gra\u017eu, liko vienas kitas keistesnis garsas ir bildesys, bet \u012f keli\u0105 leistis reik\u0117jo jau u\u017e keleto dien\u0173, tad \u012fjung\u0119s YOLO r\u0117\u017eim\u0105 persi\u017eegnoj\u0117s pasakiau &#8211; bus gerai, automobilis paruo\u0161as, gyvyb\u0117s draudimas gi i\u0161mok\u0117s artimiesiems ten jeigu k\u0105, tik Vilmio bi\u0161ki gaila gali b\u016bti&#8230; <br><br>Or\u0173 prognoz\u0117s nerod\u0117 nieko gero, tai, kad neb\u016bt\u0173 problem\u0173 man per ma\u017eai, nusprend\u017eiau, kad pasigerinti vairavimo komfort\u0105 padengiant priekin\u012f Civic&#8217;o stikl\u0105 ka\u017ekokiu fancy marmalu i\u0161 Detailer&#8217;s Place, kurio d\u0117ka, anot gamintojo, nereik\u0117s tiek daug naudoti valyt\u0173, lietaus la\u0161ai prie didesnio grei\u010dio nub\u0117gs nuo stiklo patys&#8230; Ar mano \u012fgud\u017ei\u0173 tr\u016bkumas, ar negeb\u0117jimas paisyti instrukcijos, ar d\u0117l netinkamos m\u0117nulio faz\u0117s,  ar visi trys kartu susid\u0117jo, bet \u0161itas fokusas su marmalu ant stiklo man i\u0161deg\u0117 labai ir labai vidutini\u0161kai. Pasid\u017eiaugus fantastin\u0117s b\u016bkl\u0117s autostrados Vilnius &#8211; Panev\u0117\u017eys asfalto danga, kuri yra puikiai pritaikyta pa\u017eemintiems automobiliams (galimai sarkazmas, red. past.), mus lietus pasitiko ka\u017ekur prie Latvijos sienos ir lyd\u0117jo beveik iki Talino.  Vis\u0105 kelion\u0117s laik\u0105 a\u0161 labai m\u0117gavausi puikiu priekinio stiklo padengimo nano hidrofobile danga efektu &#8211; vanduo nenub\u0117gin\u0117jo nuo stiklos savaime kol nepasiekdavau ~&lt;110 km\/h (o va\u017eiavimas Latvijoje tokiu ir didesniu grei\u010diu gali baigtis tuo, kad b\u016bsi vietini\u0173 \u017eandar\u0173 su\u0161audytas \u012f veid\u0105 \u010dia ir dabar), o valant valytuvais, jie \u0161okin\u0117jo per priekin\u012f stikl\u0105 ir skleid\u0117 tobulai \u0161lyk\u0161t\u0173 gars\u0105 taip \u012fkyriai, kad nor\u0117josi sustoti, i\u0161lipti ir palikus Civic&#8217;\u0105 ka\u017ekur auk\u0161toje \u017eol\u0117je namo gr\u012f\u017eti tranzu. Pridedam dar neideliai veikiant\u012f priekinio stiklo apip\u016btim\u0105, 10+ met\u0173 senumo ne lietui pritaikytas ala-sport padangas, visi\u0161kai mano storai \u0161iknai nebetinkant\u012f Recoro lop\u0161\u012f ir rezultate turiu kelion\u0119, kuri\u0105 prisiminsiu tikrai ilgai.<br>Finale Talin\u0105 pasiek\u0117me s\u0117kmingai, ir kelion\u0117s nuovarg\u012f skubos tvarka nuplauname pirmu esti\u0161ku aliuku. Neblogas. Ateina laikas, kai galime \u012fsicheckinti savo airbnb namuose, ka\u017ekur senamiestyje &#8211; tiek kiemas, tiek buto laiptin\u0117 mums paliko gana savit\u0105 poj\u016bt\u012f &#8211; i\u0161 pal\u0117p\u0117s sklindantis baland\u017ei\u0173 \u0161\u016bd\u0173 dvokas + cigare\u010di\u0173 smarv\u0117s ataskoniai ir natos + jausmas, kad tave stebi minimum trys vaiduokliai, buvo labai subtilus kokteilis. <br><br>Estijos sostin\u0119 esu tik prava\u017eiav\u0119s, va\u017eiuojant link kelto, per tiek met\u0173 neteko pa\u0161liundrin\u0117ti jos gatv\u0117mis ir patirti pulso &#8211; tod\u0117l skubos tvarka i\u0161sidalinam lovas ir kambarius, i\u0161siver\u010diam apatinius \u012f \u0161vari\u0105 pus\u0119 ir leid\u017eiam\u0117s \u012f lietingas Talino gatves.  O \u0161ios mums dovanojo daug skanaus ir beabejo, kad a\u0161traus maisto, gero alaus, pli\u016bch\u0105 per snukius skandinavi\u0161komis kainomis ir ka\u017eko gerumo jausm\u0105.<br>Nebepamenu nei bar\u0173 skai\u010diaus, nei juolab alaus, nes skai\u010diuoti n\u0117ra stiprioji m\u016bs\u0173 savyb\u0117, bet pirmasis pasimatymas su Talinu labai patiko &#8211; rytoj kartosime, bet pirma laukia renginys, d\u0117l kurio \u010dia atsiboginom, tod\u0117l ki\u016btinam namo ir miegoti.<br><br>Rytas, i\u0161prievartautas \u017eadintuv\u0173. Penki\u0173 bern\u0173, ba\u0161kan\u010diomis galvomis ir i\u0161 vakaro pri\u0117dusi\u0173 a\u0161triai kova d\u0117l to, kas pirmas s\u0117s ant keramikinio sosto. Du\u0161as. V\u0117l kova. Tada ka\u017ekoks pusrytis. Du\u0161as bolidams ir kiek pava\u017eiav\u0119 atsiduriame renginio, kuris vyksta \u0161iek tiek u\u017e miesto, teritorijoje. Ka\u017ekoks parkingas su \u0161alia esan\u010dia karting\u0173 trasa. Ala Plytin\u0117. Esame vieni pirm\u0173j\u0173. Priiman\u010dios mergiot\u0117s sunkiai kalba angli\u0161kai. Susimokam u\u017e keleivius po \u20ac3\/snukiui (u\u017e auto dalyvavim\u0105 renginyje jau susimok\u0117jom prie\u0161 tai), nuriedam \u012f aik\u0161tel\u0117s kamp\u0105, ir Lietuvoje \u012fprastu stiliumi suparkuojam savo ma\u0161inas, kad jos stov\u0117t\u0173 ka\u017ekokiu \u012fdomesniu kampu, kad neb\u016bt\u0173 susigr\u016bd\u0119, b\u016bt\u0173 erdv\u0117s nutraukoms, ta\u010diau mus labai greitai \u012f tolim\u0105 lietuvi\u0161k\u0173 rengini\u0173  praeit\u012f gra\u017eina organizatorius, kuris liepia perparkuoti ma\u0161inas vien\u0105 \u0161alia kitos, ir kuo ar\u010diau. Nedaug tr\u016bko iki Akropolio parkingo viet\u0173 stiliaus i\u0161statymo, bet patamp\u0119 pe\u010diais pam\u0105stom, kad gal bus daug ma\u0161in\u0173 ir reikia taupyti viet\u0105 aik\u0161tel\u0117je (spoiler alert &#8211; ne, nebuvo daug ma\u0161in\u0173.).<br><br>Valin\u0117jam\u0117s ma\u0161inas, a\u0161 nusprend\u017eiu nusipoliruoti rat\u0173 palanges ir visai dienai nuda\u017eyti savo pir\u0161tus ir panages aliuminio oksido spalva. Bet m\u0117gaujuosi procesu, nes senokai nedariau kosmetini\u0173 proced\u016br\u0173 Civic&#8217;ui, o kiekvienas, kas turi mylim\u0105 automobil\u012f \u017eino, kad tai gana \u012ftraukiantis ir malonus procesas. S\u0117d\u017eiu ant \u017eem\u0117s, poliruoju rat\u0105, \u0161alia man\u0119s priparkuota esti\u0161ka Celica, pasi\u017ei\u016briu &#8211; mink\u0161tu \u0161\u016bdu \u0161pakliuoti galiniai ketvir\u010diai ant vir\u0161aus u\u017eda\u017eyti balion\u0117liu, atsilaup\u0119 k\u0117bulo dalys, per ma\u017ei bais\u016bs ratai ir visuma pamarginta neskoningais lipdukais, vairuotojo s\u0117dyn\u0117je nervingai koja \u012f gaidi\u0161kos muzikos takt\u0105 trepsenantis jaunasis savininkas. Jaudinasi, garantuoju, kad jam tai vienas pirm\u0173j\u0173 auto rengini\u0173. Gera prad\u017eia, galvoju, atrank\u0105 JDM Estonia vyrai vykd\u0117 arba u\u017eri\u0161tomis akimis, arba galimai ne visai blaiv\u016bs. \u0160alia Gedimino sedano parkuojasi visi\u0161kai stockinis EP3 Civic&#8217;as &#8211; na, bent jau tvarkingas. Bet akivaizdu, kad bus \u012fdomu. Baig\u0119 bolid\u0173 valym\u0105 \u017eygiuojam ap\u017ei\u016br\u0117ti t\u0173 vis\u0173 \u012fdomybi\u0173, i\u0161rykiuot\u0173 keliomis nuobod\u017eiomis eil\u0117mis. <br>Po valandos kitos besibrai\u017eant po aik\u0161tel\u0119 su fotiku ir i\u0161vada sek\u0117 tik tokia, kad ne\u017einau, ar esu buv\u0119s labiau kokyb\u0117s prasme poliarizuotame auto evente &#8211; arba labai stipr\u016bs (finansi\u0161kai ir kokyb\u0117s prasme) projektai, su daug pastang\u0173, arba beskonyb\u0117s ir \u0161rotas ant kitaisk\u0173, sveriam\u0173 rat\u0173. Aukso viduryje, kur tiesiog tvarkingi buildai ne u\u017e milijon\u0105, \u012fgyvendinti su skoniu, buvo vos keletas ma\u0161in\u0173. \u012evertinant daug \u0161io meeto keist\u0173 aspekt\u0173, pri\u0117jome i\u0161vados, kad nusik\u0117l\u0117me \u012f tolim\u0105 lietuvi\u0161k\u0173 rengini\u0173 praeit\u012f (ir ne i\u0161 gerosios pus\u0117s), bet tuo pa\u010diu pasid\u017eiaug\u0117m\u0117, kad namie turime turime toki\u0173 kokybi\u0161k\u0173 event\u0173 kaip JDM.lt JapMeet.<br>Rengin\u012f kiek gelb\u0117jo karting\u0173 trasoje laikui va\u017eiuojantys dalyviai, neblogi smashed burgeriai ir 10\/10 j\u0173 pardav\u0117ja, bei Cramo dvigubas, kvepiantis ir puikus t\u016blikas-priekaba, nes o dievai, tie vakaryk\u0161\u010diai mega-a\u0161tr\u016bs sparneliai&#8230;<br>Renginyje, kaip galite sp\u0117ti, mes ilgai neu\u017esibuvom, tod\u0117l ka\u017ekokius ten renginio nugal\u0117tojus su\u017einojome jau i\u0161 Facebooko, gerdami po antr\u0105 al\u0173 miesto centre. Pasibrai\u017eymas po centr\u0105, pasikuitimas vinilo parduotuv\u0117se, skaniai pavalgyti BBQ spote, al\u016bs \u012fvair\u016bs, gard\u016bs ir ne, paj\u016brio v\u0117jo at\u0161iauriai glostomame papl\u016bdimio bare, ir ne tik jame, Eurovizijos \u017ei\u016br\u0117jimas iki penktos dainos&#8230; Talinas paliko labai ger\u0105 jausm\u0105 ir faino miesto \u012fvaizd\u012f. <\/p>\n\n\n\n<p>Visa tai nugul\u0117 kaip smag\u016bs prisiminimai, o dal\u012f j\u0173 u\u017efiksavau ir nuotraukose, kurias ir kvie\u010diu pa\u017ei\u016br\u0117ti.<br>P. S. Visi\u0161ko \u0161roto renginyje nefotkinau, tik gal truput\u012f. Sorry.<\/p>\n\n\n\n<figure class=\"wp-block-embed is-type-wp-embed is-provider-wrong-lt-memories-exposed wp-block-embed-wrong-lt-memories-exposed\"><div class=\"wp-block-embed__wrapper\">\n<blockquote class=\"wp-embedded-content\" data-secret=\"ZpnqZW3tOB\"><a href=\"https:\/\/wrong.lt\/index.php\/jdm-estonia-season-opening-2025\/\">JDM Estonia Season Opening 2025<\/a><\/blockquote><iframe loading=\"lazy\" class=\"wp-embedded-content\" sandbox=\"allow-scripts\" security=\"restricted\" style=\"position: absolute; visibility: hidden;\" title=\"&#8220;JDM Estonia Season Opening 2025&#8221; &#8212; wrong.lt | Memories exposed\" src=\"https:\/\/wrong.lt\/index.php\/jdm-estonia-season-opening-2025\/embed\/#?secret=zszJUgUEj3#?secret=ZpnqZW3tOB\" data-secret=\"ZpnqZW3tOB\" width=\"600\" height=\"338\" frameborder=\"0\" marginwidth=\"0\" marginheight=\"0\" scrolling=\"no\"><\/iframe>\n<\/div><\/figure>\n","protected":false},"excerpt":{"rendered":"<p>Po gan\u0117tinai nekokybi\u0161kos i\u0161vykos \u012f Slovakij\u0105, gegu\u017e\u0119 man\u0119s (tiksliau m\u016bs\u0173) lauk\u0117 dar viena i\u0161vyka, \u0161i kart\u0105 \u012f Talin\u0105. Ko t\u0119? O gi japoni\u0161k\u0173 ma\u0161iny\u010di\u0173 pa\u017ei\u016br\u0117ti ir sav\u0173j\u0173 estams parodyti. Pastaruosius kelet\u0105 met\u0173 pavasar\u012f vykome \u012f Ryg\u0105, \u012f tokio paties formato rengin\u012f &#8211; japoni\u0161k\u0173 automobili\u0173 sezono atidarym\u0105. Kadangi Ryga tapo kaip ta pusiau tau patinkanti mergina, &hellip; <a href=\"https:\/\/wrong.lt\/index.php\/2025\/05\/16\/jdm-estonia-season-opening-25\/\" class=\"more-link\"><\/a><\/p>\n","protected":false},"author":1,"featured_media":14810,"comment_status":"closed","ping_status":"open","sticky":false,"template":"","format":"standard","meta":{"footnotes":""},"categories":[28],"tags":[],"class_list":["post-14715","post","type-post","status-publish","format-standard","has-post-thumbnail","hentry","category-automotive-events"],"yoast_head":"<!-- This site is optimized with the Yoast SEO plugin v27.4 - https:\/\/yoast.com\/product\/yoast-seo-wordpress\/ -->\n<title>JDM Estonia Season Opening &#039;25 - wrong.lt | Memories exposed<\/title>\n<meta name=\"robots\" content=\"index, follow, max-snippet:-1, max-image-preview:large, max-video-preview:-1\" \/>\n<link rel=\"canonical\" href=\"https:\/\/wrong.lt\/index.php\/2025\/05\/16\/jdm-estonia-season-opening-25\/\" \/>\n<meta property=\"og:locale\" content=\"en_US\" \/>\n<meta property=\"og:type\" content=\"article\" \/>\n<meta property=\"og:title\" content=\"JDM Estonia Season Opening &#039;25 - wrong.lt | Memories exposed\" \/>\n<meta property=\"og:description\" content=\"Po gan\u0117tinai nekokybi\u0161kos i\u0161vykos \u012f Slovakij\u0105, gegu\u017e\u0119 man\u0119s (tiksliau m\u016bs\u0173) lauk\u0117 dar viena i\u0161vyka, \u0161i kart\u0105 \u012f Talin\u0105. Ko t\u0119? O gi japoni\u0161k\u0173 ma\u0161iny\u010di\u0173 pa\u017ei\u016br\u0117ti ir sav\u0173j\u0173 estams parodyti. Pastaruosius kelet\u0105 met\u0173 pavasar\u012f vykome \u012f Ryg\u0105, \u012f tokio paties formato rengin\u012f &#8211; japoni\u0161k\u0173 automobili\u0173 sezono atidarym\u0105. Kadangi Ryga tapo kaip ta pusiau tau patinkanti mergina, &hellip;\" \/>\n<meta property=\"og:url\" content=\"https:\/\/wrong.lt\/index.php\/2025\/05\/16\/jdm-estonia-season-opening-25\/\" \/>\n<meta property=\"og:site_name\" content=\"wrong.lt | Memories exposed\" \/>\n<meta property=\"article:published_time\" content=\"2025-05-16T20:04:00+00:00\" \/>\n<meta property=\"article:modified_time\" content=\"2025-12-24T20:20:39+00:00\" \/>\n<meta property=\"og:image\" content=\"https:\/\/wrong.lt\/wp-content\/uploads\/2025\/12\/016.jpg\" \/>\n\t<meta property=\"og:image:width\" content=\"1600\" \/>\n\t<meta property=\"og:image:height\" content=\"1068\" \/>\n\t<meta property=\"og:image:type\" content=\"image\/jpeg\" \/>\n<meta name=\"author\" content=\"admin\" \/>\n<meta name=\"twitter:card\" content=\"summary_large_image\" \/>\n<meta name=\"twitter:label1\" content=\"Written by\" \/>\n\t<meta name=\"twitter:data1\" content=\"admin\" \/>\n\t<meta name=\"twitter:label2\" content=\"Est. reading time\" \/>\n\t<meta name=\"twitter:data2\" content=\"6 minutes\" \/>\n<script type=\"application\/ld+json\" class=\"yoast-schema-graph\">{\"@context\":\"https:\\\/\\\/schema.org\",\"@graph\":[{\"@type\":\"Article\",\"@id\":\"https:\\\/\\\/wrong.lt\\\/index.php\\\/2025\\\/05\\\/16\\\/jdm-estonia-season-opening-25\\\/#article\",\"isPartOf\":{\"@id\":\"https:\\\/\\\/wrong.lt\\\/index.php\\\/2025\\\/05\\\/16\\\/jdm-estonia-season-opening-25\\\/\"},\"author\":{\"name\":\"admin\",\"@id\":\"https:\\\/\\\/wrong.lt\\\/#\\\/schema\\\/person\\\/e8db1cb102a60d89316b20a174ccea61\"},\"headline\":\"JDM Estonia Season Opening &#8217;25\",\"datePublished\":\"2025-05-16T20:04:00+00:00\",\"dateModified\":\"2025-12-24T20:20:39+00:00\",\"mainEntityOfPage\":{\"@id\":\"https:\\\/\\\/wrong.lt\\\/index.php\\\/2025\\\/05\\\/16\\\/jdm-estonia-season-opening-25\\\/\"},\"wordCount\":1485,\"image\":{\"@id\":\"https:\\\/\\\/wrong.lt\\\/index.php\\\/2025\\\/05\\\/16\\\/jdm-estonia-season-opening-25\\\/#primaryimage\"},\"thumbnailUrl\":\"https:\\\/\\\/wrong.lt\\\/wp-content\\\/uploads\\\/2025\\\/12\\\/016.jpg\",\"articleSection\":[\"Automotive events\"],\"inLanguage\":\"en-US\"},{\"@type\":\"WebPage\",\"@id\":\"https:\\\/\\\/wrong.lt\\\/index.php\\\/2025\\\/05\\\/16\\\/jdm-estonia-season-opening-25\\\/\",\"url\":\"https:\\\/\\\/wrong.lt\\\/index.php\\\/2025\\\/05\\\/16\\\/jdm-estonia-season-opening-25\\\/\",\"name\":\"JDM Estonia Season Opening '25 - wrong.lt | Memories exposed\",\"isPartOf\":{\"@id\":\"https:\\\/\\\/wrong.lt\\\/#website\"},\"primaryImageOfPage\":{\"@id\":\"https:\\\/\\\/wrong.lt\\\/index.php\\\/2025\\\/05\\\/16\\\/jdm-estonia-season-opening-25\\\/#primaryimage\"},\"image\":{\"@id\":\"https:\\\/\\\/wrong.lt\\\/index.php\\\/2025\\\/05\\\/16\\\/jdm-estonia-season-opening-25\\\/#primaryimage\"},\"thumbnailUrl\":\"https:\\\/\\\/wrong.lt\\\/wp-content\\\/uploads\\\/2025\\\/12\\\/016.jpg\",\"datePublished\":\"2025-05-16T20:04:00+00:00\",\"dateModified\":\"2025-12-24T20:20:39+00:00\",\"author\":{\"@id\":\"https:\\\/\\\/wrong.lt\\\/#\\\/schema\\\/person\\\/e8db1cb102a60d89316b20a174ccea61\"},\"breadcrumb\":{\"@id\":\"https:\\\/\\\/wrong.lt\\\/index.php\\\/2025\\\/05\\\/16\\\/jdm-estonia-season-opening-25\\\/#breadcrumb\"},\"inLanguage\":\"en-US\",\"potentialAction\":[{\"@type\":\"ReadAction\",\"target\":[\"https:\\\/\\\/wrong.lt\\\/index.php\\\/2025\\\/05\\\/16\\\/jdm-estonia-season-opening-25\\\/\"]}]},{\"@type\":\"ImageObject\",\"inLanguage\":\"en-US\",\"@id\":\"https:\\\/\\\/wrong.lt\\\/index.php\\\/2025\\\/05\\\/16\\\/jdm-estonia-season-opening-25\\\/#primaryimage\",\"url\":\"https:\\\/\\\/wrong.lt\\\/wp-content\\\/uploads\\\/2025\\\/12\\\/016.jpg\",\"contentUrl\":\"https:\\\/\\\/wrong.lt\\\/wp-content\\\/uploads\\\/2025\\\/12\\\/016.jpg\",\"width\":1600,\"height\":1068},{\"@type\":\"BreadcrumbList\",\"@id\":\"https:\\\/\\\/wrong.lt\\\/index.php\\\/2025\\\/05\\\/16\\\/jdm-estonia-season-opening-25\\\/#breadcrumb\",\"itemListElement\":[{\"@type\":\"ListItem\",\"position\":1,\"name\":\"Home\",\"item\":\"https:\\\/\\\/wrong.lt\\\/\"},{\"@type\":\"ListItem\",\"position\":2,\"name\":\"JDM Estonia Season Opening &#8217;25\"}]},{\"@type\":\"WebSite\",\"@id\":\"https:\\\/\\\/wrong.lt\\\/#website\",\"url\":\"https:\\\/\\\/wrong.lt\\\/\",\"name\":\"wrong.lt | Memories exposed\",\"description\":\"Memories exposed\",\"potentialAction\":[{\"@type\":\"SearchAction\",\"target\":{\"@type\":\"EntryPoint\",\"urlTemplate\":\"https:\\\/\\\/wrong.lt\\\/?s={search_term_string}\"},\"query-input\":{\"@type\":\"PropertyValueSpecification\",\"valueRequired\":true,\"valueName\":\"search_term_string\"}}],\"inLanguage\":\"en-US\"},{\"@type\":\"Person\",\"@id\":\"https:\\\/\\\/wrong.lt\\\/#\\\/schema\\\/person\\\/e8db1cb102a60d89316b20a174ccea61\",\"name\":\"admin\",\"image\":{\"@type\":\"ImageObject\",\"inLanguage\":\"en-US\",\"@id\":\"https:\\\/\\\/secure.gravatar.com\\\/avatar\\\/8bacdf37a31942f43971c5f013c8a30e98cd2a07f8416454f9d5343492ee5b3e?s=96&d=mm&r=g\",\"url\":\"https:\\\/\\\/secure.gravatar.com\\\/avatar\\\/8bacdf37a31942f43971c5f013c8a30e98cd2a07f8416454f9d5343492ee5b3e?s=96&d=mm&r=g\",\"contentUrl\":\"https:\\\/\\\/secure.gravatar.com\\\/avatar\\\/8bacdf37a31942f43971c5f013c8a30e98cd2a07f8416454f9d5343492ee5b3e?s=96&d=mm&r=g\",\"caption\":\"admin\"},\"sameAs\":[\"https:\\\/\\\/wrong.lt\"],\"url\":\"https:\\\/\\\/wrong.lt\\\/index.php\\\/author\\\/wronglt\\\/\"}]}<\/script>\n<!-- \/ Yoast SEO plugin. -->","yoast_head_json":{"title":"JDM Estonia Season Opening '25 - wrong.lt | Memories exposed","robots":{"index":"index","follow":"follow","max-snippet":"max-snippet:-1","max-image-preview":"max-image-preview:large","max-video-preview":"max-video-preview:-1"},"canonical":"https:\/\/wrong.lt\/index.php\/2025\/05\/16\/jdm-estonia-season-opening-25\/","og_locale":"en_US","og_type":"article","og_title":"JDM Estonia Season Opening '25 - wrong.lt | Memories exposed","og_description":"Po gan\u0117tinai nekokybi\u0161kos i\u0161vykos \u012f Slovakij\u0105, gegu\u017e\u0119 man\u0119s (tiksliau m\u016bs\u0173) lauk\u0117 dar viena i\u0161vyka, \u0161i kart\u0105 \u012f Talin\u0105. Ko t\u0119? O gi japoni\u0161k\u0173 ma\u0161iny\u010di\u0173 pa\u017ei\u016br\u0117ti ir sav\u0173j\u0173 estams parodyti. Pastaruosius kelet\u0105 met\u0173 pavasar\u012f vykome \u012f Ryg\u0105, \u012f tokio paties formato rengin\u012f &#8211; japoni\u0161k\u0173 automobili\u0173 sezono atidarym\u0105. Kadangi Ryga tapo kaip ta pusiau tau patinkanti mergina, &hellip;","og_url":"https:\/\/wrong.lt\/index.php\/2025\/05\/16\/jdm-estonia-season-opening-25\/","og_site_name":"wrong.lt | Memories exposed","article_published_time":"2025-05-16T20:04:00+00:00","article_modified_time":"2025-12-24T20:20:39+00:00","og_image":[{"width":1600,"height":1068,"url":"https:\/\/wrong.lt\/wp-content\/uploads\/2025\/12\/016.jpg","type":"image\/jpeg"}],"author":"admin","twitter_card":"summary_large_image","twitter_misc":{"Written by":"admin","Est. reading time":"6 minutes"},"schema":{"@context":"https:\/\/schema.org","@graph":[{"@type":"Article","@id":"https:\/\/wrong.lt\/index.php\/2025\/05\/16\/jdm-estonia-season-opening-25\/#article","isPartOf":{"@id":"https:\/\/wrong.lt\/index.php\/2025\/05\/16\/jdm-estonia-season-opening-25\/"},"author":{"name":"admin","@id":"https:\/\/wrong.lt\/#\/schema\/person\/e8db1cb102a60d89316b20a174ccea61"},"headline":"JDM Estonia Season Opening &#8217;25","datePublished":"2025-05-16T20:04:00+00:00","dateModified":"2025-12-24T20:20:39+00:00","mainEntityOfPage":{"@id":"https:\/\/wrong.lt\/index.php\/2025\/05\/16\/jdm-estonia-season-opening-25\/"},"wordCount":1485,"image":{"@id":"https:\/\/wrong.lt\/index.php\/2025\/05\/16\/jdm-estonia-season-opening-25\/#primaryimage"},"thumbnailUrl":"https:\/\/wrong.lt\/wp-content\/uploads\/2025\/12\/016.jpg","articleSection":["Automotive events"],"inLanguage":"en-US"},{"@type":"WebPage","@id":"https:\/\/wrong.lt\/index.php\/2025\/05\/16\/jdm-estonia-season-opening-25\/","url":"https:\/\/wrong.lt\/index.php\/2025\/05\/16\/jdm-estonia-season-opening-25\/","name":"JDM Estonia Season Opening '25 - wrong.lt | Memories exposed","isPartOf":{"@id":"https:\/\/wrong.lt\/#website"},"primaryImageOfPage":{"@id":"https:\/\/wrong.lt\/index.php\/2025\/05\/16\/jdm-estonia-season-opening-25\/#primaryimage"},"image":{"@id":"https:\/\/wrong.lt\/index.php\/2025\/05\/16\/jdm-estonia-season-opening-25\/#primaryimage"},"thumbnailUrl":"https:\/\/wrong.lt\/wp-content\/uploads\/2025\/12\/016.jpg","datePublished":"2025-05-16T20:04:00+00:00","dateModified":"2025-12-24T20:20:39+00:00","author":{"@id":"https:\/\/wrong.lt\/#\/schema\/person\/e8db1cb102a60d89316b20a174ccea61"},"breadcrumb":{"@id":"https:\/\/wrong.lt\/index.php\/2025\/05\/16\/jdm-estonia-season-opening-25\/#breadcrumb"},"inLanguage":"en-US","potentialAction":[{"@type":"ReadAction","target":["https:\/\/wrong.lt\/index.php\/2025\/05\/16\/jdm-estonia-season-opening-25\/"]}]},{"@type":"ImageObject","inLanguage":"en-US","@id":"https:\/\/wrong.lt\/index.php\/2025\/05\/16\/jdm-estonia-season-opening-25\/#primaryimage","url":"https:\/\/wrong.lt\/wp-content\/uploads\/2025\/12\/016.jpg","contentUrl":"https:\/\/wrong.lt\/wp-content\/uploads\/2025\/12\/016.jpg","width":1600,"height":1068},{"@type":"BreadcrumbList","@id":"https:\/\/wrong.lt\/index.php\/2025\/05\/16\/jdm-estonia-season-opening-25\/#breadcrumb","itemListElement":[{"@type":"ListItem","position":1,"name":"Home","item":"https:\/\/wrong.lt\/"},{"@type":"ListItem","position":2,"name":"JDM Estonia Season Opening &#8217;25"}]},{"@type":"WebSite","@id":"https:\/\/wrong.lt\/#website","url":"https:\/\/wrong.lt\/","name":"wrong.lt | Memories exposed","description":"Memories exposed","potentialAction":[{"@type":"SearchAction","target":{"@type":"EntryPoint","urlTemplate":"https:\/\/wrong.lt\/?s={search_term_string}"},"query-input":{"@type":"PropertyValueSpecification","valueRequired":true,"valueName":"search_term_string"}}],"inLanguage":"en-US"},{"@type":"Person","@id":"https:\/\/wrong.lt\/#\/schema\/person\/e8db1cb102a60d89316b20a174ccea61","name":"admin","image":{"@type":"ImageObject","inLanguage":"en-US","@id":"https:\/\/secure.gravatar.com\/avatar\/8bacdf37a31942f43971c5f013c8a30e98cd2a07f8416454f9d5343492ee5b3e?s=96&d=mm&r=g","url":"https:\/\/secure.gravatar.com\/avatar\/8bacdf37a31942f43971c5f013c8a30e98cd2a07f8416454f9d5343492ee5b3e?s=96&d=mm&r=g","contentUrl":"https:\/\/secure.gravatar.com\/avatar\/8bacdf37a31942f43971c5f013c8a30e98cd2a07f8416454f9d5343492ee5b3e?s=96&d=mm&r=g","caption":"admin"},"sameAs":["https:\/\/wrong.lt"],"url":"https:\/\/wrong.lt\/index.php\/author\/wronglt\/"}]}},"_links":{"self":[{"href":"https:\/\/wrong.lt\/index.php\/wp-json\/wp\/v2\/posts\/14715","targetHints":{"allow":["GET"]}}],"collection":[{"href":"https:\/\/wrong.lt\/index.php\/wp-json\/wp\/v2\/posts"}],"about":[{"href":"https:\/\/wrong.lt\/index.php\/wp-json\/wp\/v2\/types\/post"}],"author":[{"embeddable":true,"href":"https:\/\/wrong.lt\/index.php\/wp-json\/wp\/v2\/users\/1"}],"replies":[{"embeddable":true,"href":"https:\/\/wrong.lt\/index.php\/wp-json\/wp\/v2\/comments?post=14715"}],"version-history":[{"count":3,"href":"https:\/\/wrong.lt\/index.php\/wp-json\/wp\/v2\/posts\/14715\/revisions"}],"predecessor-version":[{"id":14875,"href":"https:\/\/wrong.lt\/index.php\/wp-json\/wp\/v2\/posts\/14715\/revisions\/14875"}],"wp:featuredmedia":[{"embeddable":true,"href":"https:\/\/wrong.lt\/index.php\/wp-json\/wp\/v2\/media\/14810"}],"wp:attachment":[{"href":"https:\/\/wrong.lt\/index.php\/wp-json\/wp\/v2\/media?parent=14715"}],"wp:term":[{"taxonomy":"category","embeddable":true,"href":"https:\/\/wrong.lt\/index.php\/wp-json\/wp\/v2\/categories?post=14715"},{"taxonomy":"post_tag","embeddable":true,"href":"https:\/\/wrong.lt\/index.php\/wp-json\/wp\/v2\/tags?post=14715"}],"curies":[{"name":"wp","href":"https:\/\/api.w.org\/{rel}","templated":true}]}}